{"id":91,"date":"2013-05-06T18:17:15","date_gmt":"2013-05-06T17:17:15","guid":{"rendered":"http:\/\/zdc.si\/en\/history-for-everyone-2-1995\/"},"modified":"2013-05-06T18:17:15","modified_gmt":"2013-05-06T17:17:15","slug":"history-for-everyone-2-1995","status":"publish","type":"post","link":"https:\/\/zdc.si\/en\/history-for-everyone-2-1995\/","title":{"rendered":"History for Everyone 2\/1995"},"content":{"rendered":"<table>\n<tbody>\n<tr>\n<td style=\"width: 150px; text-align: left;\" valign=\"top\">Author: <\/p>\n<p><a href=\"#studen\">Andrej STUDEN<\/a><\/p>\n<p><a href=\"#cvirn\">Janez CVIRN<\/a><\/p>\n<p><a href=\"#matic\">Dragan MATI\u0106<\/a><\/p>\n<p><a href=\"#zizek\">Aleksander \u017dI\u017dEK<\/a><\/p>\n<p><a href=\"#gabric\">Ale\u0161 GABRI\u010c<\/a><\/p>\n<p><a href=\"#grdina\">Igor GRDINA<\/a><\/p>\n<\/td>\n<td style=\"width: 400px; text-align: left;\" valign=\"top\">Article: <\/p>\n<p><a href=\"#studen\">\u00bbWe Fear that Blood May Flow!\u00ab<\/a><\/p>\n<p><a href=\"#cvirn\">Hang the Assassin Gavrilo Princip By His Heels and Fry Him in the Flames!<\/a><\/p>\n<p><a href=\"#matic\">\u00bbNo-one Can Claim that Theatres As Such Have Cultural Significance\u00ab<\/a><\/p>\n<p><a href=\"#zizek\">Me, Poor Chap, Living in a Prison<\/a><\/p>\n<p><a href=\"#gabric\">The Mayor&#8217;s Daughter Micka or the President&#8217;s Daughter \u2013 Which is More Appropriate?<\/a><\/p>\n<p><a href=\"#grdina\">Poor Harvest of Jo\u017ee Topori\u0161i\u010d<\/a><\/p>\n<\/td>\n<td style=\"text-align: justify;\" valign=\"top\"><span style=\"font-size: 10pt;\"><img loading=\"lazy\" decoding=\"async\" class=\" size-full wp-image-18\" src=\"http:\/\/1125.gvs.arnes.si\/zdcwp\/wp-content\/uploads\/2013\/05\/Image4.jpg\" alt=\"Image4\" width=\"227\" height=\"321\" srcset=\"https:\/\/zdc.si\/en\/wp-content\/uploads\/2013\/05\/Image4.jpg 227w, https:\/\/zdc.si\/en\/wp-content\/uploads\/2013\/05\/Image4-212x300.jpg 212w\" sizes=\"auto, (max-width: 227px) 100vw, 227px\" \/><\/span><\/td>\n<\/tr>\n<\/tbody>\n<\/table>\n<hr \/>\n<p style=\"text-align: justify;\"><span style=\"font-size: 10pt;\"><a name=\"studen\"><\/a>Andrej STUDEN<\/span><\/p>\n<p style=\"text-align: justify;\"><span style=\"font-size: 12pt;\">\u00bbWe Fear that Blood May Flow!\u00ab<\/span><\/p>\n<p style=\"text-align: justify;\"><span style=\"font-size: 10pt;\">The Riots During a Visit by Czech High School Students in Celje in 1899<\/span><\/p>\n<p style=\"text-align: justify;\"><span style=\"font-size: 10pt;\">At the end of the 19th century, Celje was the site of strong national conflicts between the German and the Slovene inhabitants of the region. The visit of Czech high school students on August 9, 1899, which was regarded by the German inhabitants of Celje as a Slavic provocation, triggered off strong riots, some of which even ended in bloodshed. The scandalous events in 1899 marked the peak of the German-Slovene national conflicts in Celje before World War I.<\/span><\/p>\n<hr \/>\n<p style=\"text-align: justify;\"><span style=\"font-size: 10pt;\"><a name=\"cvirn\"><\/a>Janez CVIRN<\/span><\/p>\n<p style=\"text-align: justify;\"><span style=\"font-size: 12pt;\">Hang the Assassin Gavrilo Princip By His Heels and Fry Him in the Flames!<\/span><\/p>\n<p style=\"text-align: justify;\"><span style=\"font-size: 10pt;\">The Slovenes and the Hapsburg Monarchy (!848-1918)<\/span><\/p>\n<p style=\"text-align: justify;\"><span style=\"font-size: 10pt;\">The author deals with the attitude of the Slovenes towards the Hapsburg monarchy in the period 1848-1918. Although the Slovenes were not at all satisfied at the time with the Austrian monarchy, most of the Slovenian politicians were nonetheless pro-Austrian oriented until 1918. After the fall of the monarchy in 1918, however, the majority of the Slovene politicians entered into a veritable competition as to who would get more credit for freeing the Slovene people from the \u00bbprison of nations\u00ab.<\/span><\/p>\n<hr \/>\n<p style=\"text-align: justify;\"><span style=\"font-size: 10pt;\"><a name=\"matic\"><\/a>Dragan MATI\u0106<\/span><\/p>\n<p style=\"text-align: justify;\"><span style=\"font-size: 12pt;\">\u00bbNo-one Can Claim that Theatres As Such Have Cultural Significance\u00ab<\/span><\/p>\n<p style=\"text-align: justify;\"><span style=\"font-size: 10pt;\">Culture and Politics, With Particular Regard to the Theatre and Cinema, in Carniola at the Turn of the Century<\/span><\/p>\n<p style=\"text-align: justify;\"><span style=\"font-size: 10pt;\">National and ideological divisions in Slovenia from the middle of the 19th century to the begining of World War I led to the formation of major cultural and political camps. By enumerating some examples, the author depicts the influence exerted on culture by politics and the effects of censorship. Particular emphasis is placed on the theatre and its related branch: the cinema, as well as on the cultural policies of political parties which influenced the financing of cultural institutions.<\/span><\/p>\n<hr \/>\n<p style=\"text-align: justify;\"><span style=\"font-size: 10pt;\"><a name=\"zizek\"><\/a>Aleksander \u017dI\u017dEK<\/span><\/p>\n<p style=\"text-align: justify;\"><span style=\"font-size: 12pt;\">Me, Poor Chap, Living in a Prison<\/span><\/p>\n<p style=\"text-align: justify;\"><span style=\"font-size: 10pt;\">The paper presents a slightly view of the conditions in the prisons and prison camps after World War II. The life of the prisoners is presented in the poems of Alojz Tirgu\u0161ek, who was imprisoned for collaboration with the occupying forces. In addition to the everyday events in the Teharje prison camp, Tirgu\u0161ek&#8217;s poems give a vivid portrayal of this fellow inmates, presenting a moving image of the characters and destinies of people, who came into conflict with the new authorities after World War II.<\/span><\/p>\n<hr \/>\n<p style=\"text-align: justify;\"><span style=\"font-size: 10pt;\"><a name=\"gabric\"><\/a>Ale\u0161 GABRI\u010c<\/span><\/p>\n<p style=\"text-align: justify;\"><span style=\"font-size: 12pt;\">The Mayor&#8217;s Daughter Micka or the President&#8217;s Daughter \u2013 Which is More Appropriate?<\/span><\/p>\n<p style=\"text-align: justify;\"><span style=\"font-size: 10pt;\">Amateur Theatre in Slovenia in the Period 1945-1955<\/span><\/p>\n<p style=\"text-align: justify;\"><span style=\"font-size: 10pt;\">According to the chroniclers of this period, amateur thetrical productions were more popular in Slovenia in the middle of the twentieth century than in any other country at the time. Yet, as most activities shortly after the war, theatre also was exposed to the demands and pressures of politics. There were particulary strong in the first five years after World War II. However, already in the early 1950&#8217;s, professional criteria in the selection of repertoire and the production of individual plays prevailed over the demands of the communist ideologists. When selecting their repertoires, the amateur theatres decided mainly in favour of works by Slovene authors.<\/span><\/p>\n<hr \/>\n<p style=\"text-align: justify;\"><span style=\"font-size: 10pt;\"><a name=\"grdina\"><\/a>Igor GRDINA<\/span><\/p>\n<p style=\"text-align: justify;\"><span style=\"font-size: 12pt;\">Poor Harvest of Jo\u017ee Topori\u0161i\u010d<\/span><\/p>\n<p style=\"text-align: justify;\"><span style=\"font-size: 10pt;\">To the \u00bbLeading Linguist\u00ab \u2013 to His Memory Book<\/span><\/p>\n<p style=\"text-align: justify;\"><span style=\"font-size: 10pt;\">The attempt by the self-appointed \u00bbleading linguist\u00ab Jo\u017ee Topori\u0161i\u010d to reaffirm by falsifications and inventions in his paper \u00bbThe Thesis of Jakob Rigler on the Beginnings of the Slovene Literary Language\u00ab (Slavic Review, 41, Ljubljana, 1933, pp. 449-464) the scientifically untenable hypothesis of Jakob Rigler (advanced in the book The Beginning of the Slovene Literary Language, Ljubljana, 1968), proved to be unsuccessful. The article is a response to Topori\u0161i\u010d&#8217;s far-fetched arguments and to the scandalous conditions in the field of Slavistics in the Republic of Slovenia, where attempts are being made by a small minority to trample underfoot the freedom of expressing professional opinion.<\/span><\/p>\n<hr \/>\n<p style=\"text-align: justify;\">&nbsp;<\/p>\n","protected":false},"excerpt":{"rendered":"<p>Author: Andrej STUDEN Janez CVIRN Dragan MATI\u0106 Aleksander \u017dI\u017dEK Ale\u0161 GABRI\u010c Igor GRDINA Article: \u00bbWe Fear that Blood May Flow!\u00ab Hang the Assassin Gavrilo Princip By His Heels and Fry [&hellip;]<\/p>\n","protected":false},"author":1,"featured_media":18,"comment_status":"open","ping_status":"open","sticky":false,"template":"","format":"standard","meta":{"footnotes":""},"categories":[16],"tags":[],"class_list":["post-91","post","type-post","status-publish","format-standard","has-post-thumbnail","hentry","category-history-for-everyone"],"publishpress_future_action":{"enabled":false,"date":"2026-05-09 09:18:55","action":"change-status","newStatus":"draft","terms":[],"taxonomy":"category"},"publishpress_future_workflow_manual_trigger":{"enabledWorkflows":[]},"_links":{"self":[{"href":"https:\/\/zdc.si\/en\/wp-json\/wp\/v2\/posts\/91","targetHints":{"allow":["GET"]}}],"collection":[{"href":"https:\/\/zdc.si\/en\/wp-json\/wp\/v2\/posts"}],"about":[{"href":"https:\/\/zdc.si\/en\/wp-json\/wp\/v2\/types\/post"}],"author":[{"embeddable":true,"href":"https:\/\/zdc.si\/en\/wp-json\/wp\/v2\/users\/1"}],"replies":[{"embeddable":true,"href":"https:\/\/zdc.si\/en\/wp-json\/wp\/v2\/comments?post=91"}],"version-history":[{"count":0,"href":"https:\/\/zdc.si\/en\/wp-json\/wp\/v2\/posts\/91\/revisions"}],"wp:featuredmedia":[{"embeddable":true,"href":"https:\/\/zdc.si\/en\/wp-json\/wp\/v2\/media\/18"}],"wp:attachment":[{"href":"https:\/\/zdc.si\/en\/wp-json\/wp\/v2\/media?parent=91"}],"wp:term":[{"taxonomy":"category","embeddable":true,"href":"https:\/\/zdc.si\/en\/wp-json\/wp\/v2\/categories?post=91"},{"taxonomy":"post_tag","embeddable":true,"href":"https:\/\/zdc.si\/en\/wp-json\/wp\/v2\/tags?post=91"}],"curies":[{"name":"wp","href":"https:\/\/api.w.org\/{rel}","templated":true}]}}